{"id":99289,"date":"2025-11-10T09:40:57","date_gmt":"2025-11-10T08:40:57","guid":{"rendered":"https:\/\/veteran.it\/?p=99289"},"modified":"2026-01-22T17:52:54","modified_gmt":"2026-01-22T16:52:54","slug":"winter-race-20-maerz-2026","status":"publish","type":"post","link":"https:\/\/veteran.it\/de\/winter-race-20-maerz-2026\/","title":{"rendered":"WINTER RACE <br> 20. M\u00c4RZ 2026 <br>"},"content":{"rendered":"<div class=\"fusion-fullwidth fullwidth-box fusion-builder-row-1 fusion-flex-container has-pattern-background has-mask-background nonhundred-percent-fullwidth non-hundred-percent-height-scrolling\" style=\"--awb-border-radius-top-left:0px;--awb-border-radius-top-right:0px;--awb-border-radius-bottom-right:0px;--awb-border-radius-bottom-left:0px;--awb-flex-wrap:wrap;\" ><div class=\"fusion-builder-row fusion-row fusion-flex-align-items-flex-start fusion-flex-content-wrap\" style=\"max-width:1248px;margin-left: calc(-4% \/ 2 );margin-right: calc(-4% \/ 2 );\"><div class=\"fusion-layout-column fusion_builder_column fusion-builder-column-0 fusion_builder_column_1_1 1_1 fusion-flex-column\" style=\"--awb-bg-size:cover;--awb-width-large:100%;--awb-margin-top-large:0px;--awb-spacing-right-large:1.92%;--awb-margin-bottom-large:20px;--awb-spacing-left-large:1.92%;--awb-width-medium:100%;--awb-order-medium:0;--awb-spacing-right-medium:1.92%;--awb-spacing-left-medium:1.92%;--awb-width-small:100%;--awb-order-small:0;--awb-spacing-right-small:1.92%;--awb-spacing-left-small:1.92%;\"><div class=\"fusion-column-wrapper fusion-column-has-shadow fusion-flex-justify-content-flex-start fusion-content-layout-column\"><div class=\"fusion-text fusion-text-1\"><p>Anl\u00e4sslich der <span class=\"s1\"><b>13. Ausgabe der WinteRace Cortina<\/b><\/span>, eines internationalen Gleichm\u00e4\u00dfigkeitsrennens f\u00fcr historische A.S.I.-Fahrzeuge, das <span class=\"s1\"><b>vom 19. bis 21. M\u00e4rz 2026 in Cortina d\u2019Ampezzo<\/b><\/span> stattfindet, besteht am <span class=\"s1\"><b>Freitag, den 20. M\u00e4rz 2026<\/b><\/span>, die M\u00f6glichkeit, die teilnehmenden Fahrzeuge auch in <span class=\"s1\"><b>Bozen<\/b><\/span> zu bewundern.<\/p>\n<p>Die Fahrzeuge werden f\u00fcr etwa <span class=\"s1\"><b>2 Stunden und 30 Minuten<\/b><\/span> auf der <span class=\"s1\"><b>Piazza Walther<\/b><\/span> ausgestellt.<\/p>\n<p>Die Ankunft und Pr\u00e4sentation der Fahrzeuge ist <span class=\"s1\"><b>von 12:15 bis 13:30 Uhr<\/b><\/span> vorgesehen, die Weiterfahrt erfolgt <span class=\"s1\"><b>zwischen 14:00 und ca. 15:30 Uhr<\/b><\/span>.<\/p>\n<\/div><\/div><\/div><\/div><\/div>\n","protected":false},"excerpt":{"rendered":"","protected":false},"author":230,"featured_media":98909,"comment_status":"open","ping_status":"open","sticky":false,"template":"","format":"standard","meta":{"footnotes":""},"categories":[260],"tags":[],"class_list":["post-99289","post","type-post","status-publish","format-standard","has-post-thumbnail","hentry","category-events-2026"],"publishpress_future_action":{"enabled":false,"date":"2026-05-09 12:22:57","action":"change-status","newStatus":"draft","terms":[],"taxonomy":"category","extraData":[]},"publishpress_future_workflow_manual_trigger":{"enabledWorkflows":[]},"_links":{"self":[{"href":"https:\/\/veteran.it\/de\/wp-json\/wp\/v2\/posts\/99289","targetHints":{"allow":["GET"]}}],"collection":[{"href":"https:\/\/veteran.it\/de\/wp-json\/wp\/v2\/posts"}],"about":[{"href":"https:\/\/veteran.it\/de\/wp-json\/wp\/v2\/types\/post"}],"author":[{"embeddable":true,"href":"https:\/\/veteran.it\/de\/wp-json\/wp\/v2\/users\/230"}],"replies":[{"embeddable":true,"href":"https:\/\/veteran.it\/de\/wp-json\/wp\/v2\/comments?post=99289"}],"version-history":[{"count":3,"href":"https:\/\/veteran.it\/de\/wp-json\/wp\/v2\/posts\/99289\/revisions"}],"predecessor-version":[{"id":99292,"href":"https:\/\/veteran.it\/de\/wp-json\/wp\/v2\/posts\/99289\/revisions\/99292"}],"wp:featuredmedia":[{"embeddable":true,"href":"https:\/\/veteran.it\/de\/wp-json\/wp\/v2\/media\/98909"}],"wp:attachment":[{"href":"https:\/\/veteran.it\/de\/wp-json\/wp\/v2\/media?parent=99289"}],"wp:term":[{"taxonomy":"category","embeddable":true,"href":"https:\/\/veteran.it\/de\/wp-json\/wp\/v2\/categories?post=99289"},{"taxonomy":"post_tag","embeddable":true,"href":"https:\/\/veteran.it\/de\/wp-json\/wp\/v2\/tags?post=99289"}],"curies":[{"name":"wp","href":"https:\/\/api.w.org\/{rel}","templated":true}]}}