{"id":95818,"date":"2024-11-14T10:37:30","date_gmt":"2024-11-14T09:37:30","guid":{"rendered":"https:\/\/veteran.it\/?p=95818"},"modified":"2025-09-17T12:18:58","modified_gmt":"2025-09-17T10:18:58","slug":"auto-e-moto-depoca-fiera-bologna-25-oktober-2025","status":"publish","type":"post","link":"https:\/\/veteran.it\/de\/auto-e-moto-depoca-fiera-bologna-25-oktober-2025\/","title":{"rendered":"AUTO E MOTO D&#8217;EPOCA FIERA BOLOGNA <br> 25 OKTOBER 2025 <br>"},"content":{"rendered":"<div class=\"fusion-fullwidth fullwidth-box fusion-builder-row-1 fusion-flex-container nonhundred-percent-fullwidth non-hundred-percent-height-scrolling\" style=\"--awb-border-radius-top-left:0px;--awb-border-radius-top-right:0px;--awb-border-radius-bottom-right:0px;--awb-border-radius-bottom-left:0px;--awb-flex-wrap:wrap;\" ><div class=\"fusion-builder-row fusion-row fusion-flex-align-items-flex-start fusion-flex-content-wrap\" style=\"max-width:1248px;margin-left: calc(-4% \/ 2 );margin-right: calc(-4% \/ 2 );\"><div class=\"fusion-layout-column fusion_builder_column fusion-builder-column-0 fusion_builder_column_1_1 1_1 fusion-flex-column\" style=\"--awb-bg-blend:overlay;--awb-bg-size:cover;--awb-width-large:100%;--awb-margin-top-large:0px;--awb-spacing-right-large:1.92%;--awb-margin-bottom-large:0px;--awb-spacing-left-large:1.92%;--awb-width-medium:100%;--awb-spacing-right-medium:1.92%;--awb-spacing-left-medium:1.92%;--awb-width-small:100%;--awb-spacing-right-small:1.92%;--awb-spacing-left-small:1.92%;\"><div class=\"fusion-column-wrapper fusion-flex-justify-content-flex-start fusion-content-layout-column\"><div class=\"fusion-text fusion-text-1\"><p><span style=\"font-family: var(--awb-text-font-family); font-size: var(--awb-font-size); font-style: var(--awb-text-font-style); letter-spacing: var(--awb-letter-spacing); text-align: var(--awb-content-alignment); text-transform: var(--awb-text-transform);\">SMT VIAGGI organisiert im Auftrag des Veteran Car Teams<\/span><\/p>\n<p>\u201eAUTO D\u2018EPOCA\u201d<\/p>\n<p>Samstag 25. Oktober 2025<\/p>\n<p>Busfahrt zur Messe in Bologna<\/p>\n<p>\u201eAUTO D\u2019EPOCA\u201c<\/p>\n<p>Verpassen Sie nicht die gr\u00f6\u00dfte Messe f\u00fcr Ersatzteile<\/p>\n<p>und Zubeh\u00f6r f\u00fcr Autos und Motorr\u00e4der.<\/p>\n<p>Kostenlos f\u00fcr Mitglieder und Verwandte (max 2<\/p>\n<p>Personen) Solange Pl\u00e4tze verf\u00fcgbar sind (insgesamt 40 <span style=\"font-family: var(--awb-text-font-family); font-size: var(--awb-font-size); font-style: var(--awb-text-font-style); letter-spacing: var(--awb-letter-spacing); text-align: var(--awb-content-alignment); text-transform: var(--awb-text-transform);\">Leuten).<\/span><\/p>\n<p>Treffpunkt am Sheraton Hotel , Buozzi strasse<\/p>\n<p>(Industriegebiet Bozen S\u00fcd) \u2013 06:30 Uhr<\/p>\n<p>Bitte seien Sie 10 Minuten im Voraus da,<\/p>\n<p>Der Bus h\u00e4lt unterwegs nicht an.<\/p>\n<p>Abfahrt vom Messegel\u00e4nde und R\u00fcckfahrt um 16:30 <span style=\"font-family: var(--awb-text-font-family); font-size: var(--awb-font-size); font-style: var(--awb-text-font-style); letter-spacing: var(--awb-letter-spacing); text-align: var(--awb-content-alignment); text-transform: var(--awb-text-transform);\">Uhr<\/span><\/p>\n<p>Die Eintrittskarten f\u00fcr die Messe gehen zu Lasten der Teilnehmer: Sie k\u00f6nnen sie online oder direkt an der Kasse erwerben.<\/p>\n<p><a href=\"https:\/\/veteran.it\/event\/auto-moto-depoca\/\">&gt;&gt;&gt;ANMELDUNG&lt;&lt;&lt;<\/a><\/p>\n<\/div><\/div><\/div><\/div><\/div>\n","protected":false},"excerpt":{"rendered":"","protected":false},"author":230,"featured_media":93577,"comment_status":"open","ping_status":"open","sticky":false,"template":"","format":"standard","meta":{"footnotes":""},"categories":[248],"tags":[],"class_list":["post-95818","post","type-post","status-publish","format-standard","has-post-thumbnail","hentry","category-events-2025"],"publishpress_future_action":{"enabled":false,"date":"2026-05-07 19:24:55","action":"change-status","newStatus":"draft","terms":[],"taxonomy":"category","extraData":[]},"publishpress_future_workflow_manual_trigger":{"enabledWorkflows":[]},"_links":{"self":[{"href":"https:\/\/veteran.it\/de\/wp-json\/wp\/v2\/posts\/95818","targetHints":{"allow":["GET"]}}],"collection":[{"href":"https:\/\/veteran.it\/de\/wp-json\/wp\/v2\/posts"}],"about":[{"href":"https:\/\/veteran.it\/de\/wp-json\/wp\/v2\/types\/post"}],"author":[{"embeddable":true,"href":"https:\/\/veteran.it\/de\/wp-json\/wp\/v2\/users\/230"}],"replies":[{"embeddable":true,"href":"https:\/\/veteran.it\/de\/wp-json\/wp\/v2\/comments?post=95818"}],"version-history":[{"count":0,"href":"https:\/\/veteran.it\/de\/wp-json\/wp\/v2\/posts\/95818\/revisions"}],"wp:featuredmedia":[{"embeddable":true,"href":"https:\/\/veteran.it\/de\/wp-json\/wp\/v2\/media\/93577"}],"wp:attachment":[{"href":"https:\/\/veteran.it\/de\/wp-json\/wp\/v2\/media?parent=95818"}],"wp:term":[{"taxonomy":"category","embeddable":true,"href":"https:\/\/veteran.it\/de\/wp-json\/wp\/v2\/categories?post=95818"},{"taxonomy":"post_tag","embeddable":true,"href":"https:\/\/veteran.it\/de\/wp-json\/wp\/v2\/tags?post=95818"}],"curies":[{"name":"wp","href":"https:\/\/api.w.org\/{rel}","templated":true}]}}