{"id":93498,"date":"2023-11-07T15:51:41","date_gmt":"2023-11-07T14:51:41","guid":{"rendered":"https:\/\/veteran.it\/?p=93498"},"modified":"2024-02-29T10:00:07","modified_gmt":"2024-02-29T09:00:07","slug":"belle-epoque-ausstellung-und-eleganzwettbewerb-fuer-vintage-fahrraeder-13-14-april-2024","status":"publish","type":"post","link":"https:\/\/veteran.it\/de\/belle-epoque-ausstellung-und-eleganzwettbewerb-fuer-vintage-fahrraeder-13-14-april-2024\/","title":{"rendered":"BELLE \u00c9POQUE &#8211; AUSSTELLUNG UND ELEGANZWETTBEWERB F\u00dcR VINTAGE-FAHRR\u00c4DER <br> 13 &#8211; 14. APRIL 2024 <br>"},"content":{"rendered":"<div class=\"fusion-fullwidth fullwidth-box fusion-builder-row-1 fusion-flex-container nonhundred-percent-fullwidth non-hundred-percent-height-scrolling\" style=\"--awb-border-radius-top-left:0px;--awb-border-radius-top-right:0px;--awb-border-radius-bottom-right:0px;--awb-border-radius-bottom-left:0px;--awb-flex-wrap:wrap;\" ><div class=\"fusion-builder-row fusion-row fusion-flex-align-items-flex-start fusion-flex-content-wrap\" style=\"max-width:1248px;margin-left: calc(-4% \/ 2 );margin-right: calc(-4% \/ 2 );\"><div class=\"fusion-layout-column fusion_builder_column fusion-builder-column-0 fusion_builder_column_1_1 1_1 fusion-flex-column\" style=\"--awb-bg-blend:overlay;--awb-bg-size:cover;--awb-width-large:100%;--awb-margin-top-large:0px;--awb-spacing-right-large:1.92%;--awb-margin-bottom-large:0px;--awb-spacing-left-large:1.92%;--awb-width-medium:100%;--awb-spacing-right-medium:1.92%;--awb-spacing-left-medium:1.92%;--awb-width-small:100%;--awb-spacing-right-small:1.92%;--awb-spacing-left-small:1.92%;\"><div class=\"fusion-column-wrapper fusion-flex-justify-content-flex-start fusion-content-layout-column\"><div class=\"fusion-text fusion-text-1\"><p><span style=\"font-family: var(--awb-text-font-family); font-size: var(--awb-font-size); font-style: var(--awb-text-font-style); letter-spacing: var(--awb-letter-spacing); text-align: var(--awb-content-alignment); text-transform: var(--awb-text-transform);\">SAMSTAG, 13. APRIL<\/span><\/p>\n<p>15.30 Uhr Treffen im Garten Palazzo Ducale<\/p>\n<p>ausschlie\u00dflich in historischer Kleidung<\/p>\n<p>16.00 Fahrradparade durch die Stra\u00dfen der Stadt<\/p>\n<p>17.00 Pr\u00e4sentation des Buches &#8220;Die Urspr\u00fcnge des Fahrrads&#8221; von Alfredo Azzini c\/o Bozner Merkantilmuseum<\/p>\n<p>18.00 Uhr Radfahren<\/p>\n<p>SONNTAG, 14. APRIL<\/p>\n<p>10.00 Uhr Treffpunkt beim Hotel Post Gries<\/p>\n<p>11.00 Uhr Pr\u00e4sentation der Fahrr\u00e4der auf dem Waltherplatz in Bozen &#8211; ausschlie\u00dflich in historischer Kleidung<\/p>\n<p>12.00 Uhr Mittagessen bei Hopfen&amp;Co<\/p>\n<p>14.00 Radtour<\/p>\n<p>15.00 Besichtigung der Pons Drusi (R\u00f6mische Villa) im Grieserhof Bozen<\/p>\n<p>DIE KOSTENLOSE TEILNAHME BEINHALTET<\/p>\n<p>Mittagessen am Sonntag, 14. April im Restaurant Hopfen&amp;Co<\/p>\n<p>Piazza delle Erbe &#8211; Bozen<\/p>\n<\/div><\/div><\/div><\/div><\/div>\n","protected":false},"excerpt":{"rendered":"","protected":false},"author":230,"featured_media":66546,"comment_status":"open","ping_status":"open","sticky":false,"template":"","format":"standard","meta":{"footnotes":""},"categories":[230],"tags":[],"class_list":["post-93498","post","type-post","status-publish","format-standard","has-post-thumbnail","hentry","category-events-2024"],"publishpress_future_action":{"enabled":false,"date":"2026-05-09 11:01:24","action":"change-status","newStatus":"draft","terms":[],"taxonomy":"category","extraData":[]},"publishpress_future_workflow_manual_trigger":{"enabledWorkflows":[]},"_links":{"self":[{"href":"https:\/\/veteran.it\/de\/wp-json\/wp\/v2\/posts\/93498","targetHints":{"allow":["GET"]}}],"collection":[{"href":"https:\/\/veteran.it\/de\/wp-json\/wp\/v2\/posts"}],"about":[{"href":"https:\/\/veteran.it\/de\/wp-json\/wp\/v2\/types\/post"}],"author":[{"embeddable":true,"href":"https:\/\/veteran.it\/de\/wp-json\/wp\/v2\/users\/230"}],"replies":[{"embeddable":true,"href":"https:\/\/veteran.it\/de\/wp-json\/wp\/v2\/comments?post=93498"}],"version-history":[{"count":0,"href":"https:\/\/veteran.it\/de\/wp-json\/wp\/v2\/posts\/93498\/revisions"}],"wp:featuredmedia":[{"embeddable":true,"href":"https:\/\/veteran.it\/de\/wp-json\/wp\/v2\/media\/66546"}],"wp:attachment":[{"href":"https:\/\/veteran.it\/de\/wp-json\/wp\/v2\/media?parent=93498"}],"wp:term":[{"taxonomy":"category","embeddable":true,"href":"https:\/\/veteran.it\/de\/wp-json\/wp\/v2\/categories?post=93498"},{"taxonomy":"post_tag","embeddable":true,"href":"https:\/\/veteran.it\/de\/wp-json\/wp\/v2\/tags?post=93498"}],"curies":[{"name":"wp","href":"https:\/\/api.w.org\/{rel}","templated":true}]}}