{"id":87208,"date":"2020-04-08T02:37:26","date_gmt":"2020-04-08T00:37:26","guid":{"rendered":"https:\/\/veteran.it\/rally-therapy-tra-passato-e-presente-19-giugno-2021"},"modified":"2021-06-09T12:30:50","modified_gmt":"2021-06-09T10:30:50","slug":"rally-therapy-tra-passato-e-presente-19-giugno-2021","status":"publish","type":"post","link":"https:\/\/veteran.it\/de\/rally-therapy-tra-passato-e-presente-19-giugno-2021\/","title":{"rendered":"RALLY THERAPY \u2013 ZWISCHEN VERGANGENHEIT UND GEGENWART<br>19 JUNI 2021 <\/br>"},"content":{"rendered":"<div class=\"fusion-fullwidth fullwidth-box fusion-builder-row-1 fusion-flex-container nonhundred-percent-fullwidth non-hundred-percent-height-scrolling\" style=\"--awb-border-radius-top-left:0px;--awb-border-radius-top-right:0px;--awb-border-radius-bottom-right:0px;--awb-border-radius-bottom-left:0px;--awb-flex-wrap:wrap;\" ><div class=\"fusion-builder-row fusion-row fusion-flex-align-items-flex-start fusion-flex-content-wrap\" style=\"max-width:1248px;margin-left: calc(-4% \/ 2 );margin-right: calc(-4% \/ 2 );\"><div class=\"fusion-layout-column fusion_builder_column fusion-builder-column-0 fusion_builder_column_1_1 1_1 fusion-flex-column\" style=\"--awb-bg-size:cover;--awb-width-large:100%;--awb-margin-top-large:0px;--awb-spacing-right-large:1.92%;--awb-margin-bottom-large:20px;--awb-spacing-left-large:1.92%;--awb-width-medium:100%;--awb-order-medium:0;--awb-spacing-right-medium:1.92%;--awb-spacing-left-medium:1.92%;--awb-width-small:100%;--awb-order-small:0;--awb-spacing-right-small:1.92%;--awb-spacing-left-small:1.92%;\"><div class=\"fusion-column-wrapper fusion-column-has-shadow fusion-flex-justify-content-flex-start fusion-content-layout-column\"><div class=\"fusion-title title fusion-title-1 fusion-sep-none fusion-title-text fusion-title-size-one\"><h1 class=\"fusion-title-heading title-heading-left fusion-responsive-typography-calculated\" style=\"margin:0;--fontSize:26;line-height:1.5;\"><h1 class=\"fusion-responsive-typography-calculated\" data-fontsize=\"26\" data-lineheight=\"39px\"><strong>RALLY THERAPY \u2013 ZWISCHEN VERGANGENHEIT UND GEGENWART<\/strong><\/h1>\n<h1 class=\"fusion-responsive-typography-calculated\" data-fontsize=\"26\" data-lineheight=\"39px\"><strong>\u00a0<\/strong><\/h1>\n<h1 class=\"fusion-responsive-typography-calculated\" data-fontsize=\"26\" data-lineheight=\"39px\"><strong>19 JUNI 2021<\/strong><\/h1><\/h1><\/div><div class=\"fusion-text fusion-text-1\"><div class=\"fusion-text fusion-text-1\">\n<div class=\"page\" title=\"Page 1\">\n<div class=\"layoutArea\">\n<div class=\"fusion-text fusion-text-1\">\n<div class=\"page\" title=\"Page 1\">\n<div class=\"layoutArea\">\n<div class=\"column\">\n<p>Der S\u00fcdtiroler Rallyefahrer Capuzzo Maurizio organisiert in Zusammenarbeit mit dem VETERAN CAR TEAM, Pintarally Motorsport, mit der Verf\u00fcgbarkeit des Safetyparks von Vadena , f\u00fcr Samstag, den 19. Juni 2021, die Veranstaltung<\/p>\n<p>\u201cRallye-Therapie \u2013 zwischen Vergangenheit und Gegenwart\u201d<\/p>\n<p>Am Samstagnachmittag, den 19. Juni, werden einige behinderte Jugendliche des Italienischen Verbandes f\u00fcr Spastik-Hilfe (A.I.A.S.) der Sektion Bozen an Bord der Oldtimer der Mitglieder des Veteran Car Teams durch die Stra\u00dfen von Bozen von ihrem Sitz in der Via Parma bis zum Sicherheitspark von Vadena paradieren. Der H\u00f6hepunkt des Nachmittags wird es sein, als Passagiere in das Auto einsteigen zu k\u00f6nnen, mit dem der Pintarally-Motorsport-Pilot, der S\u00fcdtiroler Capuzzo Maurizio, in der Saison 2019 in der \u201cCoppa Aci 3. Zone\u201d den Sieg in der Klasse RS 1.6 Plus, den treuen Opel Adam RS Plus unter der Leitung von Gigi Motorsport aus Monteforte d\u2019Alpone errungen hat. Zwei Runden auf einer Rennstrecke, die innerhalb des Sicherheitsparks von Vadena in v\u00f6lliger Sicherheit gebaut wurde.<\/p>\n<p>Bei dieser zweiten Ausgabe der Rallye-Therapie werden die Jungs die M\u00f6glichkeit haben, in einem Ferrari 456 Passagiere zu sein, der von einem Mitglied des Oldtimer-Teams f\u00fcr diesen Tag zur Verf\u00fcgung gestellt wird.<\/p>\n<p>Dar\u00fcber hinaus werden die Ausbilder des Safety Parks die Teilnehmer mit ihrem Bildungsprojekt \u201cFahren mit Physik\u201d zum Besuch des Zentrums f\u00fcr sicheres Fahren bewegen.<br \/>\nEin Nachmittag, den diese Jungen und M\u00e4dchen in ihrem Inneren sicherlich lange genie\u00dfen werden.<\/p>\n<p>Allgemeiner Zeitplan der Veranstaltung:<\/p>\n<p>\u27a2 15.00 Uhr \u2013 Treffen im AIAS-Hauptquartier in Via Parma mit dem Veteran Car Team und der AIAS-Delegation, Fotos und Transport zum Safety Park<\/p>\n<p>\u27a2 15:30 \u2013 Ankunft im Safety Park, Breefing mit AIAS-Delegation, Foto<\/p>\n<p>\u27a2 16:00 \u2013 Start der Rallye-Therapie-Veranstaltung mit \u201cFahren mit Physik\u201d mit Safety-Park-Ausbildern, Runde an Bord der Ferrari 456, Runden der Teilnehmer an Bord des Opel<\/p>\n<p>Adam auf dem Safety-Park-Rundkurs<\/p>\n<p>\u27a2 17:30\/18:00 \u2013 Ende der Veranstaltung mit R\u00fcckkehr der Teilnehmer in das AIAS-Hauptquartier an Bord der<\/p>\n<p>Fahrzeuge des Oldtimer-Teams<\/p>\n<\/div>\n<\/div>\n<\/div>\n<\/div>\n<\/div>\n<\/div>\n<\/div>\n<\/div><\/div><\/div><\/div><\/div>\n","protected":false},"excerpt":{"rendered":"","protected":false},"author":230,"featured_media":87212,"comment_status":"open","ping_status":"open","sticky":false,"template":"","format":"standard","meta":{"footnotes":""},"categories":[182,163,167],"tags":[],"class_list":["post-87208","post","type-post","status-publish","format-standard","has-post-thumbnail","hentry","category-202021-de-2","category-events-2021","category-programma-2021-de"],"publishpress_future_action":{"enabled":false,"date":"2026-05-06 21:04:01","action":"change-status","newStatus":"draft","terms":[],"taxonomy":"category","extraData":[]},"publishpress_future_workflow_manual_trigger":{"enabledWorkflows":[]},"_links":{"self":[{"href":"https:\/\/veteran.it\/de\/wp-json\/wp\/v2\/posts\/87208","targetHints":{"allow":["GET"]}}],"collection":[{"href":"https:\/\/veteran.it\/de\/wp-json\/wp\/v2\/posts"}],"about":[{"href":"https:\/\/veteran.it\/de\/wp-json\/wp\/v2\/types\/post"}],"author":[{"embeddable":true,"href":"https:\/\/veteran.it\/de\/wp-json\/wp\/v2\/users\/230"}],"replies":[{"embeddable":true,"href":"https:\/\/veteran.it\/de\/wp-json\/wp\/v2\/comments?post=87208"}],"version-history":[{"count":0,"href":"https:\/\/veteran.it\/de\/wp-json\/wp\/v2\/posts\/87208\/revisions"}],"wp:featuredmedia":[{"embeddable":true,"href":"https:\/\/veteran.it\/de\/wp-json\/wp\/v2\/media\/87212"}],"wp:attachment":[{"href":"https:\/\/veteran.it\/de\/wp-json\/wp\/v2\/media?parent=87208"}],"wp:term":[{"taxonomy":"category","embeddable":true,"href":"https:\/\/veteran.it\/de\/wp-json\/wp\/v2\/categories?post=87208"},{"taxonomy":"post_tag","embeddable":true,"href":"https:\/\/veteran.it\/de\/wp-json\/wp\/v2\/tags?post=87208"}],"curies":[{"name":"wp","href":"https:\/\/api.w.org\/{rel}","templated":true}]}}