{"id":86002,"date":"2020-12-11T09:36:32","date_gmt":"2020-12-11T08:36:32","guid":{"rendered":"https:\/\/veteran.it\/?p=86002"},"modified":"2021-12-13T12:01:21","modified_gmt":"2021-12-13T11:01:21","slug":"weihnachtsfeier-14-dezember-2021","status":"publish","type":"post","link":"https:\/\/veteran.it\/de\/weihnachtsfeier-14-dezember-2021\/","title":{"rendered":"WEIHNACHTSFEIER <br>  14. DEZEMBER 2021 <br>"},"content":{"rendered":"<div class=\"fusion-fullwidth fullwidth-box fusion-builder-row-1 fusion-flex-container nonhundred-percent-fullwidth non-hundred-percent-height-scrolling\" style=\"--awb-border-radius-top-left:0px;--awb-border-radius-top-right:0px;--awb-border-radius-bottom-right:0px;--awb-border-radius-bottom-left:0px;--awb-flex-wrap:wrap;\" ><div class=\"fusion-builder-row fusion-row fusion-flex-align-items-flex-start fusion-flex-content-wrap\" style=\"max-width:1248px;margin-left: calc(-4% \/ 2 );margin-right: calc(-4% \/ 2 );\"><div class=\"fusion-layout-column fusion_builder_column fusion-builder-column-0 fusion_builder_column_1_1 1_1 fusion-flex-column\" style=\"--awb-bg-size:cover;--awb-width-large:100%;--awb-margin-top-large:0px;--awb-spacing-right-large:1.92%;--awb-margin-bottom-large:20px;--awb-spacing-left-large:1.92%;--awb-width-medium:100%;--awb-spacing-right-medium:1.92%;--awb-spacing-left-medium:1.92%;--awb-width-small:100%;--awb-spacing-right-small:1.92%;--awb-spacing-left-small:1.92%;\"><div class=\"fusion-column-wrapper fusion-column-has-shadow fusion-flex-justify-content-flex-start fusion-content-layout-column\"><div class=\"fusion-text fusion-text-1\"><p>Liebe Mitglieder,<\/p>\n<p>Unsere Weihnachtsfeier wird, wie geplant, Dienstag, den 14. DEZEMBER 2021 um 18:30 Uhr stattfinden.<\/p>\n<p>Um auf das Treffen zuzugreifen, ben\u00f6tigen Sie nur eine Internetverbindung und ein Glas zum Ansto\u00dfen.<\/p>\n<p>Programm:<br \/>\n18:20 Verbindung<br \/>\n18:30 Einf\u00fchrung von Pr\u00e4sident Davide Brancalion<br \/>\n19:00 Veteran News<br \/>\n19:45 Ideen der Mitglieder<br \/>\n20:00 Toast mit frohen Feiertagsw\u00fcnschen<br \/>\n20:15 Gr\u00fc\u00dfe<\/p>\n<p>Nachfolgend finden Sie den Link f\u00fcr den Zugang zum Meeting<\/p>\n<p>Videokonferenz Weihnachtsfeier Veteran Car Team<\/p>\n<p><a href=\"https:\/\/teams.microsoft.com\/l\/meetup-join\/19%3ameeting_ZDYxYzJjZTgtODQ5ZC00ZDk0LWE4NmItOTc1Zjg2ZDM4OWU3%40thread.v2\/0?context=%7b%22Tid%22%3a%222e9e0994-da86-410d-99f9-dbd3f7c589fe%22%2c%22Oid%22%3a%222a9b0e80-1322-4d89-9eb0-49f4e0837aac%22%7d\" target=\"_blank\" rel=\"noopener\">Fai clic qui per partecipare alla riunione<\/a><\/p>\n<p><a href=\"https:\/\/teams.microsoft.com\/l\/meetup-join\/19%3ameeting_ZDYxYzJjZTgtODQ5ZC00ZDk0LWE4NmItOTc1Zjg2ZDM4OWU3%40thread.v2\/0?context=%7b%22Tid%22%3a%222e9e0994-da86-410d-99f9-dbd3f7c589fe%22%2c%22Oid%22%3a%222a9b0e80-1322-4d89-9eb0-49f4e0837aac%22%7d\" target=\"_blank\" rel=\"noopener\">https:\/\/teams.microsoft.com\/l\/meetup-join\/19%3ameeting_ZDYxYzJjZTgtODQ5ZC00ZDk0LWE4NmItOTc1Zjg2ZDM4OWU3%40thread.v2\/0?context=%7b%22Tid%22%3a%222e9e0994-da86-410d-99f9-dbd3f7c589fe%22%2c%22Oid%22%3a%222a9b0e80-1322-4d89-9eb0-49f4e0837aac%22%7d<\/a><\/p>\n<p>Stefan Mayer, unser Marketing Manager wird ab 18:00 Uhr f\u00fcr technische Unterst\u00fctzung zur Verf\u00fcgung stehen,<br \/>\nSie k\u00f6nnen ihn per E-Mail : marketing@veteran.it oder per Mobiltelefon : 327 9011126 kontaktieren.<\/p>\n<p>Wir erwarten euch zahlreich<\/p>\n<\/div><\/div><\/div><\/div><\/div>\n","protected":false},"excerpt":{"rendered":"","protected":false},"author":230,"featured_media":68145,"comment_status":"open","ping_status":"open","sticky":false,"template":"","format":"standard","meta":{"footnotes":""},"categories":[170,182,163,167],"tags":[],"class_list":["post-86002","post","type-post","status-publish","format-standard","has-post-thumbnail","hentry","category-202021-de","category-202021-de-2","category-events-2021","category-programma-2021-de"],"publishpress_future_action":{"enabled":false,"date":"2026-05-10 11:37:49","action":"change-status","newStatus":"draft","terms":[],"taxonomy":"category","extraData":[]},"publishpress_future_workflow_manual_trigger":{"enabledWorkflows":[]},"_links":{"self":[{"href":"https:\/\/veteran.it\/de\/wp-json\/wp\/v2\/posts\/86002","targetHints":{"allow":["GET"]}}],"collection":[{"href":"https:\/\/veteran.it\/de\/wp-json\/wp\/v2\/posts"}],"about":[{"href":"https:\/\/veteran.it\/de\/wp-json\/wp\/v2\/types\/post"}],"author":[{"embeddable":true,"href":"https:\/\/veteran.it\/de\/wp-json\/wp\/v2\/users\/230"}],"replies":[{"embeddable":true,"href":"https:\/\/veteran.it\/de\/wp-json\/wp\/v2\/comments?post=86002"}],"version-history":[{"count":0,"href":"https:\/\/veteran.it\/de\/wp-json\/wp\/v2\/posts\/86002\/revisions"}],"wp:featuredmedia":[{"embeddable":true,"href":"https:\/\/veteran.it\/de\/wp-json\/wp\/v2\/media\/68145"}],"wp:attachment":[{"href":"https:\/\/veteran.it\/de\/wp-json\/wp\/v2\/media?parent=86002"}],"wp:term":[{"taxonomy":"category","embeddable":true,"href":"https:\/\/veteran.it\/de\/wp-json\/wp\/v2\/categories?post=86002"},{"taxonomy":"post_tag","embeddable":true,"href":"https:\/\/veteran.it\/de\/wp-json\/wp\/v2\/tags?post=86002"}],"curies":[{"name":"wp","href":"https:\/\/api.w.org\/{rel}","templated":true}]}}