{"id":85993,"date":"2020-12-07T18:27:50","date_gmt":"2020-12-07T17:27:50","guid":{"rendered":"https:\/\/veteran.it\/?p=85993"},"modified":"2021-10-11T11:14:20","modified_gmt":"2021-10-11T09:14:20","slug":"fiera-auto-e-moto-depoca-pd-22-ottobre-2021","status":"publish","type":"post","link":"https:\/\/veteran.it\/de\/fiera-auto-e-moto-depoca-pd-22-ottobre-2021\/","title":{"rendered":"MESSE AUTO E MOTO D&#8217;EPOCA (PADUA)  <br>22. OKTOBER 2021<br><span style=\"color: #ff0000; background-color: #ffff00;\">*** AUSGEBUCHT *** <\/span>"},"content":{"rendered":"<div class=\"fusion-fullwidth fullwidth-box fusion-builder-row-1 fusion-flex-container nonhundred-percent-fullwidth non-hundred-percent-height-scrolling\" style=\"--awb-border-radius-top-left:0px;--awb-border-radius-top-right:0px;--awb-border-radius-bottom-right:0px;--awb-border-radius-bottom-left:0px;--awb-flex-wrap:wrap;\" ><div class=\"fusion-builder-row fusion-row fusion-flex-align-items-flex-start fusion-flex-content-wrap\" style=\"max-width:1248px;margin-left: calc(-4% \/ 2 );margin-right: calc(-4% \/ 2 );\"><div class=\"fusion-layout-column fusion_builder_column fusion-builder-column-0 fusion_builder_column_1_1 1_1 fusion-flex-column\" style=\"--awb-bg-size:cover;--awb-width-large:100%;--awb-margin-top-large:0px;--awb-spacing-right-large:1.92%;--awb-margin-bottom-large:20px;--awb-spacing-left-large:1.92%;--awb-width-medium:100%;--awb-spacing-right-medium:1.92%;--awb-spacing-left-medium:1.92%;--awb-width-small:100%;--awb-spacing-right-small:1.92%;--awb-spacing-left-small:1.92%;\"><div class=\"fusion-column-wrapper fusion-column-has-shadow fusion-flex-justify-content-flex-start fusion-content-layout-column\"><div class=\"fusion-text fusion-text-1\"><h2 data-fontsize=\"16\" data-lineheight=\"22\">22.Oktober 2021<\/h2>\n<p>Busfahrt zur Messe in Padua \u201cAUTO D\u2018EPOCA\u201d<br \/>\nVerpassen Sie nicht die gr\u00f6\u03b2te Messe f\u00fcr Ersatzteile und Zubeh\u00f6r f\u00fcr Autos und Motorr\u00e4der.<br \/>\nKostenlos f\u00fcr Mitglieder, Verwandte und Begleiter<br \/>\nStart vom 7.00 Uhr vom Hotel Sheraton Four Points<br \/>\nBuozzi Strasse (Industriegebiete Bozen S\u00fcd)<\/p>\n<p>Einschreibung im Sekretariat mit Fax (0471 324141) oder mit E-Mail <a href=\"mailto:info@veteran.it\">info@veteran.it<\/a><br \/>\ninnerhalb sp\u00e4testens 11.10.2021.<\/p>\n<\/div><\/div><\/div><\/div><\/div>\n","protected":false},"excerpt":{"rendered":"","protected":false},"author":230,"featured_media":81115,"comment_status":"open","ping_status":"open","sticky":false,"template":"","format":"standard","meta":{"footnotes":""},"categories":[170,182,163,167],"tags":[],"class_list":["post-85993","post","type-post","status-publish","format-standard","has-post-thumbnail","hentry","category-202021-de","category-202021-de-2","category-events-2021","category-programma-2021-de"],"publishpress_future_action":{"enabled":false,"date":"2026-05-07 15:28:53","action":"change-status","newStatus":"draft","terms":[],"taxonomy":"category","extraData":[]},"publishpress_future_workflow_manual_trigger":{"enabledWorkflows":[]},"_links":{"self":[{"href":"https:\/\/veteran.it\/de\/wp-json\/wp\/v2\/posts\/85993","targetHints":{"allow":["GET"]}}],"collection":[{"href":"https:\/\/veteran.it\/de\/wp-json\/wp\/v2\/posts"}],"about":[{"href":"https:\/\/veteran.it\/de\/wp-json\/wp\/v2\/types\/post"}],"author":[{"embeddable":true,"href":"https:\/\/veteran.it\/de\/wp-json\/wp\/v2\/users\/230"}],"replies":[{"embeddable":true,"href":"https:\/\/veteran.it\/de\/wp-json\/wp\/v2\/comments?post=85993"}],"version-history":[{"count":0,"href":"https:\/\/veteran.it\/de\/wp-json\/wp\/v2\/posts\/85993\/revisions"}],"wp:featuredmedia":[{"embeddable":true,"href":"https:\/\/veteran.it\/de\/wp-json\/wp\/v2\/media\/81115"}],"wp:attachment":[{"href":"https:\/\/veteran.it\/de\/wp-json\/wp\/v2\/media?parent=85993"}],"wp:term":[{"taxonomy":"category","embeddable":true,"href":"https:\/\/veteran.it\/de\/wp-json\/wp\/v2\/categories?post=85993"},{"taxonomy":"post_tag","embeddable":true,"href":"https:\/\/veteran.it\/de\/wp-json\/wp\/v2\/tags?post=85993"}],"curies":[{"name":"wp","href":"https:\/\/api.w.org\/{rel}","templated":true}]}}