{"id":85976,"date":"2020-04-09T03:12:06","date_gmt":"2020-04-09T01:12:06","guid":{"rendered":"https:\/\/veteran.it\/?p=85976"},"modified":"2021-06-09T12:40:29","modified_gmt":"2021-06-09T10:40:29","slug":"raduno-duetto-club-italia-luglio-2021","status":"publish","type":"post","link":"https:\/\/veteran.it\/de\/raduno-duetto-club-italia-luglio-2021\/","title":{"rendered":"DUETTO CLUB ITALIA TREFFEN <br> 16-18 JULI 2021 <br>"},"content":{"rendered":"<div class=\"fusion-fullwidth fullwidth-box fusion-builder-row-1 fusion-flex-container nonhundred-percent-fullwidth non-hundred-percent-height-scrolling\" style=\"--awb-border-radius-top-left:0px;--awb-border-radius-top-right:0px;--awb-border-radius-bottom-right:0px;--awb-border-radius-bottom-left:0px;--awb-flex-wrap:wrap;\" ><div class=\"fusion-builder-row fusion-row fusion-flex-align-items-flex-start fusion-flex-content-wrap\" style=\"max-width:1248px;margin-left: calc(-4% \/ 2 );margin-right: calc(-4% \/ 2 );\"><div class=\"fusion-layout-column fusion_builder_column fusion-builder-column-0 fusion_builder_column_1_1 1_1 fusion-flex-column\" style=\"--awb-bg-size:cover;--awb-width-large:100%;--awb-margin-top-large:0px;--awb-spacing-right-large:1.92%;--awb-margin-bottom-large:20px;--awb-spacing-left-large:1.92%;--awb-width-medium:100%;--awb-spacing-right-medium:1.92%;--awb-spacing-left-medium:1.92%;--awb-width-small:100%;--awb-spacing-right-small:1.92%;--awb-spacing-left-small:1.92%;\"><div class=\"fusion-column-wrapper fusion-column-has-shadow fusion-flex-justify-content-flex-start fusion-content-layout-column\"><div class=\"fusion-text fusion-text-1\"><p><strong>FREITAG 16. JULI 2021<\/strong><\/p>\n<p>14:00<span class=\"Apple-converted-space\">\u00a0Uhr\u00a0<\/span>BOZEN &#8211; Treffen auf dem Walther-Platz, im reservierten Bereich f\u00fcr die Ausstellung der Fahrzeuge AR Spider Duetto<\/p>\n<p>15:00 Uhr Besichtigung der historischen Stadt<\/p>\n<p>17:00 Uhr Abfahrt nach Gr\u00f6den: Smart Hotel Saslong \/ via Pallua 40 \/ Santa Cristina (BZ) (nach GPS-Route)<\/p>\n<p>19:30 Uhr Begr\u00fc\u00dfungsgetr\u00e4nk<\/p>\n<p>20:00 Uhr Abendessen im Restaurant des Hotels.<\/p>\n<p><strong>SAMSTAG 17. JULI 2021<\/strong><\/p>\n<p>9:30 Uhr Abfahrt zur Besichtigung der Dolomitenp\u00e4sse: Gr\u00f6dnerjoch &#8211; Falzaregopass &#8211; Valparolapass &#8211; Pordoipass &#8211; Sellajoch<\/p>\n<p>11:00 Uhr Halt am Valparola-Pass zur Besichtigung des \u00f6sterreichischen Forts &#8220;Tre Sassi&#8221;.<\/p>\n<p>12:30 Uhr Ankunft in Cortina d&#8217;Ampezzo, Parken des Autos im Hotel &#8220;Cristallino D&#8217;Ampezzo&#8221; und Mittagessen (Via Roma 87 &#8211; Cortina (BL) Am Nachmittag Spaziergang in Cortina<\/p>\n<p>16:00 Uhr Abfahrt zum Pordoi- und Sellajoch. Kurzer Halt in St. Ulrich.<\/p>\n<p>18:30 Uhr R\u00fcckkehr nach Santa Cristina<\/p>\n<p>20:00 Uhr Abendessen im Hotelrestaurant<\/p>\n<p><strong>SONNTAG, 18. JULI 2021<\/strong><\/p>\n<p>09:00 Uhr Abfahrt nach Kurtatsch entlang der Weinstra\u00dfe<\/p>\n<p>10:30 Uhr Besuch des &#8220;Museums Mensch in der Zeit&#8221;, in dem 12.000 Jahre Geschichte in mehr als 6.000 Objekten zusammengefasst sind. Eine spannende und fesselnde Reise durch die Geschichte des Menschen von der Vorgeschichte bis zur Gegenwart, in einer Kulisse, die auch Geschichte ist: eine alte Residenz aus dem 16. Jahrhundert.<\/p>\n<p>12:00 Uhr Abfahrt nach Giovo\/Lavis (TN) : Restaurant Maso Franch \/ Ortschaft Maso Franch 2 \/ Giovo (TN) (folgen Sie der GPS-Route)<\/p>\n<p>13:00\/13:30 Uhr Mittagessen im Restaurant &#8220;Maso Franch&#8221; , antike Struktur perfekt integriert mit neuen und moderneren.<\/p>\n<p>15:00 Uhr Ende der Veranstaltung und R\u00fcckkehr<\/p>\n<p><span class=\"Apple-converted-space\">\u00a0<\/span><\/p>\n<\/div><\/div><\/div><\/div><\/div>\n","protected":false},"excerpt":{"rendered":"","protected":false},"author":230,"featured_media":85974,"comment_status":"open","ping_status":"open","sticky":false,"template":"","format":"standard","meta":{"footnotes":""},"categories":[170,182,163,167],"tags":[],"class_list":["post-85976","post","type-post","status-publish","format-standard","has-post-thumbnail","hentry","category-202021-de","category-202021-de-2","category-events-2021","category-programma-2021-de"],"publishpress_future_action":{"enabled":false,"date":"2026-05-10 14:38:15","action":"change-status","newStatus":"draft","terms":[],"taxonomy":"category","extraData":[]},"publishpress_future_workflow_manual_trigger":{"enabledWorkflows":[]},"_links":{"self":[{"href":"https:\/\/veteran.it\/de\/wp-json\/wp\/v2\/posts\/85976","targetHints":{"allow":["GET"]}}],"collection":[{"href":"https:\/\/veteran.it\/de\/wp-json\/wp\/v2\/posts"}],"about":[{"href":"https:\/\/veteran.it\/de\/wp-json\/wp\/v2\/types\/post"}],"author":[{"embeddable":true,"href":"https:\/\/veteran.it\/de\/wp-json\/wp\/v2\/users\/230"}],"replies":[{"embeddable":true,"href":"https:\/\/veteran.it\/de\/wp-json\/wp\/v2\/comments?post=85976"}],"version-history":[{"count":0,"href":"https:\/\/veteran.it\/de\/wp-json\/wp\/v2\/posts\/85976\/revisions"}],"wp:featuredmedia":[{"embeddable":true,"href":"https:\/\/veteran.it\/de\/wp-json\/wp\/v2\/media\/85974"}],"wp:attachment":[{"href":"https:\/\/veteran.it\/de\/wp-json\/wp\/v2\/media?parent=85976"}],"wp:term":[{"taxonomy":"category","embeddable":true,"href":"https:\/\/veteran.it\/de\/wp-json\/wp\/v2\/categories?post=85976"},{"taxonomy":"post_tag","embeddable":true,"href":"https:\/\/veteran.it\/de\/wp-json\/wp\/v2\/tags?post=85976"}],"curies":[{"name":"wp","href":"https:\/\/api.w.org\/{rel}","templated":true}]}}