{"id":63422,"date":"2019-10-02T10:43:46","date_gmt":"2019-10-02T08:43:46","guid":{"rendered":"https:\/\/veteran.it\/?p=63422"},"modified":"2019-11-07T10:23:15","modified_gmt":"2019-11-07T09:23:15","slug":"auto-depoca-pd","status":"publish","type":"post","link":"https:\/\/veteran.it\/de\/auto-depoca-pd\/","title":{"rendered":"MESSE PADUA &#8220;AUTO D&#8217;EPOCA&#8221;"},"content":{"rendered":"<div class=\"fusion-fullwidth fullwidth-box fusion-builder-row-1 fusion-flex-container nonhundred-percent-fullwidth non-hundred-percent-height-scrolling\" style=\"--awb-border-radius-top-left:0px;--awb-border-radius-top-right:0px;--awb-border-radius-bottom-right:0px;--awb-border-radius-bottom-left:0px;--awb-flex-wrap:wrap;\" ><div class=\"fusion-builder-row fusion-row fusion-flex-align-items-flex-start fusion-flex-content-wrap\" style=\"max-width:calc( 1200px + 0px );margin-left: calc(-0px \/ 2 );margin-right: calc(-0px \/ 2 );\"><div class=\"fusion-layout-column fusion_builder_column fusion-builder-column-0 fusion_builder_column_1_1 1_1 fusion-flex-column\" style=\"--awb-bg-size:cover;--awb-width-large:100%;--awb-margin-top-large:0px;--awb-spacing-right-large:0px;--awb-margin-bottom-large:20px;--awb-spacing-left-large:0px;--awb-width-medium:100%;--awb-spacing-right-medium:0px;--awb-spacing-left-medium:0px;--awb-width-small:100%;--awb-spacing-right-small:0px;--awb-spacing-left-small:0px;\"><div class=\"fusion-column-wrapper fusion-column-has-shadow fusion-flex-justify-content-flex-start fusion-content-layout-column\"><div class=\"fusion-text fusion-text-1\"><p>29. Oktober 2017<\/p>\n<\/div><div class=\"fusion-text fusion-text-2\"><h3>Programm<\/h3>\n<p><strong>Sonntag, 29.Oktober 2017<\/strong><\/p>\n<p>Busausflug zur Messe in Padua<\/p>\n<p>\u201eAUTO D\u2018EPOCA \u201e<\/p>\n<p>Die gr\u00f6\u03b2te Messe f\u0171r Ersatzteile und Zubeh\u00f6r f\u0171r Autos und Motorr\u0201der.<\/p>\n<p>Verpassen Sie nicht.<\/p>\n<p>Kostenlos f\u0171r Mitglieder,<\/p>\n<p><strong>Um 7\u00b0\u00b0 Uhr <\/strong>Start vom <strong>Hotel Sheraton<\/strong><\/p>\n<p>\u2013 Buozzi Strasse -Industriegebiete Bozen S\u0171d<\/p>\n<p><strong>Vormerkung innerhalb 16.10.2017<\/strong><\/p>\n<p>bei unsere Technische Kommissar Herr Ischia Walter<\/p>\n<p>Tel. 348 4540042<\/p>\n<\/div><\/div><\/div><\/div><\/div>\n","protected":false},"excerpt":{"rendered":"","protected":false},"author":167,"featured_media":66246,"comment_status":"open","ping_status":"open","sticky":false,"template":"","format":"standard","meta":{"footnotes":""},"categories":[109],"tags":[],"class_list":["post-63422","post","type-post","status-publish","format-standard","has-post-thumbnail","hentry","category-events-2017"],"publishpress_future_action":{"enabled":false,"date":"2026-05-08 18:17:57","action":"change-status","newStatus":"draft","terms":[],"taxonomy":"category","extraData":[]},"publishpress_future_workflow_manual_trigger":{"enabledWorkflows":[]},"_links":{"self":[{"href":"https:\/\/veteran.it\/de\/wp-json\/wp\/v2\/posts\/63422","targetHints":{"allow":["GET"]}}],"collection":[{"href":"https:\/\/veteran.it\/de\/wp-json\/wp\/v2\/posts"}],"about":[{"href":"https:\/\/veteran.it\/de\/wp-json\/wp\/v2\/types\/post"}],"author":[{"embeddable":true,"href":"https:\/\/veteran.it\/de\/wp-json\/wp\/v2\/users\/167"}],"replies":[{"embeddable":true,"href":"https:\/\/veteran.it\/de\/wp-json\/wp\/v2\/comments?post=63422"}],"version-history":[{"count":0,"href":"https:\/\/veteran.it\/de\/wp-json\/wp\/v2\/posts\/63422\/revisions"}],"wp:featuredmedia":[{"embeddable":true,"href":"https:\/\/veteran.it\/de\/wp-json\/wp\/v2\/media\/66246"}],"wp:attachment":[{"href":"https:\/\/veteran.it\/de\/wp-json\/wp\/v2\/media?parent=63422"}],"wp:term":[{"taxonomy":"category","embeddable":true,"href":"https:\/\/veteran.it\/de\/wp-json\/wp\/v2\/categories?post=63422"},{"taxonomy":"post_tag","embeddable":true,"href":"https:\/\/veteran.it\/de\/wp-json\/wp\/v2\/tags?post=63422"}],"curies":[{"name":"wp","href":"https:\/\/api.w.org\/{rel}","templated":true}]}}