{"id":57299,"date":"2019-02-09T09:09:03","date_gmt":"2019-02-09T08:09:03","guid":{"rendered":"https:\/\/veteran.it\/?p=57299"},"modified":"2020-10-25T12:48:42","modified_gmt":"2020-10-25T11:48:42","slug":"fiera-auto-depoca-pd","status":"publish","type":"post","link":"https:\/\/veteran.it\/de\/fiera-auto-depoca-pd\/","title":{"rendered":"MESSE PADUA &#8220;AUTO D&#8217;EPOCA&#8221; <br>26. und 27. Oktober 2019<br>"},"content":{"rendered":"<div class=\"fusion-fullwidth fullwidth-box fusion-builder-row-1 fusion-flex-container nonhundred-percent-fullwidth non-hundred-percent-height-scrolling\" style=\"--awb-border-radius-top-left:0px;--awb-border-radius-top-right:0px;--awb-border-radius-bottom-right:0px;--awb-border-radius-bottom-left:0px;--awb-flex-wrap:wrap;\" ><div class=\"fusion-builder-row fusion-row fusion-flex-align-items-flex-start fusion-flex-content-wrap\" style=\"max-width:calc( 1200px + 0px );margin-left: calc(-0px \/ 2 );margin-right: calc(-0px \/ 2 );\"><div class=\"fusion-layout-column fusion_builder_column fusion-builder-column-0 fusion_builder_column_1_1 1_1 fusion-flex-column\" style=\"--awb-bg-size:cover;--awb-width-large:100%;--awb-margin-top-large:0px;--awb-spacing-right-large:0px;--awb-margin-bottom-large:20px;--awb-spacing-left-large:0px;--awb-width-medium:100%;--awb-spacing-right-medium:0px;--awb-spacing-left-medium:0px;--awb-width-small:100%;--awb-spacing-right-small:0px;--awb-spacing-left-small:0px;\"><div class=\"fusion-column-wrapper fusion-column-has-shadow fusion-flex-justify-content-flex-start fusion-content-layout-column\"><div class=\"fusion-text fusion-text-1\"><h1>26. und 27. Oktober 2019<\/h1>\n<\/div><div class=\"fusion-text fusion-text-2\"><h2>Samstag, 26.Oktober 2019 und Sonntag, 27.Oktober 2019<\/h2>\n<p>Busfahrt zur Messe in Padua &#8220;AUTO D\u2018EPOCA&#8221;<br \/>\nVerpassen Sie nicht die gr\u00f6\u03b2te Messe f\u00fcr Ersatzteile und Zubeh\u00f6r f\u00fcr Autos und Motorr\u00e4der.<br \/>\nKostenlos f\u00fcr Mitglieder, Verwandte und Begleiter<br \/>\nStart vom 7.00 Uhr vom Hotel Sheraton Four Points<br \/>\nBuozzi Strasse (Industriegebiete Bozen S\u00fcd)<\/p>\n<p>Einschreibung im Sekretariat mit Fax (0471 324141) oder mit E-Mail <a href=\"mailto:info@veteran.it\">info@veteran.it<\/a><br \/>\ninnerhalb sp\u00e4testens <span style=\"color: #ff0000; background-color: #ffff00;\">14.10.2019<\/span>.<\/p>\n<p>Organisation Reiseb\u00fcro SMT Consulting Meran<\/p>\n<\/div><\/div><\/div><\/div><\/div>\n","protected":false},"excerpt":{"rendered":"","protected":false},"author":167,"featured_media":68984,"comment_status":"open","ping_status":"open","sticky":false,"template":"","format":"standard","meta":{"footnotes":""},"categories":[83],"tags":[],"class_list":["post-57299","post","type-post","status-publish","format-standard","has-post-thumbnail","hentry","category-events-2019"],"publishpress_future_action":{"enabled":false,"date":"2026-05-09 00:19:25","action":"change-status","newStatus":"draft","terms":[],"taxonomy":"category","extraData":[]},"publishpress_future_workflow_manual_trigger":{"enabledWorkflows":[]},"_links":{"self":[{"href":"https:\/\/veteran.it\/de\/wp-json\/wp\/v2\/posts\/57299","targetHints":{"allow":["GET"]}}],"collection":[{"href":"https:\/\/veteran.it\/de\/wp-json\/wp\/v2\/posts"}],"about":[{"href":"https:\/\/veteran.it\/de\/wp-json\/wp\/v2\/types\/post"}],"author":[{"embeddable":true,"href":"https:\/\/veteran.it\/de\/wp-json\/wp\/v2\/users\/167"}],"replies":[{"embeddable":true,"href":"https:\/\/veteran.it\/de\/wp-json\/wp\/v2\/comments?post=57299"}],"version-history":[{"count":0,"href":"https:\/\/veteran.it\/de\/wp-json\/wp\/v2\/posts\/57299\/revisions"}],"wp:featuredmedia":[{"embeddable":true,"href":"https:\/\/veteran.it\/de\/wp-json\/wp\/v2\/media\/68984"}],"wp:attachment":[{"href":"https:\/\/veteran.it\/de\/wp-json\/wp\/v2\/media?parent=57299"}],"wp:term":[{"taxonomy":"category","embeddable":true,"href":"https:\/\/veteran.it\/de\/wp-json\/wp\/v2\/categories?post=57299"},{"taxonomy":"post_tag","embeddable":true,"href":"https:\/\/veteran.it\/de\/wp-json\/wp\/v2\/tags?post=57299"}],"curies":[{"name":"wp","href":"https:\/\/api.w.org\/{rel}","templated":true}]}}